[{"@context":"https:\/\/schema.org\/","@type":"Article","@id":"https:\/\/www.msch.cz\/chytre-telefony-nahrazuji-kompakty\/#Article","mainEntityOfPage":"https:\/\/www.msch.cz\/chytre-telefony-nahrazuji-kompakty\/","headline":"Chytr\u00e9 telefony nahrazuj\u00ed kompakty","name":"Chytr\u00e9 telefony nahrazuj\u00ed kompakty","description":"Smartphony jsou ned\u00edlnou sou\u010d\u00e1st\u00ed na\u0161eho ka\u017edodenn\u00edho \u017eivota. A\u0165 jedete kamkoli, tak ho m\u00e1te s\u00a0sebou. Je\u0161t\u011b p\u0159ed p\u00e1r lety bylo naprosto b\u011b\u017en\u00e9, \u017ee m\u011bl ka\u017ed\u00fd doma kompaktn\u00ed fotoapar\u00e1t. Dnes je tomu&hellip;","datePublished":"2020-09-10","dateModified":"2023-05-03","author":{"@type":"Person","@id":"https:\/\/www.msch.cz\/author\/#Person","name":"","url":"https:\/\/www.msch.cz\/author\/","identifier":1,"image":{"@type":"ImageObject","@id":"https:\/\/secure.gravatar.com\/avatar\/4860d213c5bedfa07ff2b166ff7b069759f9dbf79eae813578c75f9f8cb939b7?s=96&d=mm&r=g","url":"https:\/\/secure.gravatar.com\/avatar\/4860d213c5bedfa07ff2b166ff7b069759f9dbf79eae813578c75f9f8cb939b7?s=96&d=mm&r=g","height":96,"width":96}},"publisher":{"@type":"Organization","name":"msch.cz","logo":{"@type":"ImageObject","@id":"\/logo.png","url":"\/logo.png","width":600,"height":60}},"image":{"@type":"ImageObject","@id":"https:\/\/www.msch.cz\/wp-content\/uploads\/img_a329878_w2120_t1542444574.jpg","url":"https:\/\/www.msch.cz\/wp-content\/uploads\/img_a329878_w2120_t1542444574.jpg","height":0,"width":0},"url":"https:\/\/www.msch.cz\/chytre-telefony-nahrazuji-kompakty\/","about":["Zbo\u017e\u00ed"],"wordCount":411,"articleBody":"\tSmartphony jsou ned\u00edlnou sou\u010d\u00e1st\u00ed na\u0161eho ka\u017edodenn\u00edho \u017eivota. A\u0165 jedete kamkoli, tak ho m\u00e1te s\u00a0sebou. Je\u0161t\u011b p\u0159ed p\u00e1r lety bylo naprosto b\u011b\u017en\u00e9, \u017ee m\u011bl ka\u017ed\u00fd doma kompaktn\u00ed fotoapar\u00e1t. Dnes je tomu ale jinak. Lidem se v\u011bt\u0161inou nechce tahat s\u00a0fo\u0165\u00e1kem, a proto na momentky \u010dasto pou\u017e\u00edvaj\u00ed pr\u00e1v\u011b chytr\u00e9 telefony.\t\t\u00a0\tObjektivy smartphon\u016f maj\u00ed mnohdy toto\u017en\u00fd po\u010det megapixel\u016f jako kompakty. V\u00a0tomto ohledu se jim proto dok\u00e1\u017e\u00ed snadno vyrovnat. Jedinou nev\u00fdhodou fotoapar\u00e1tu na telefonu je st\u00e1le to, \u017ee nenab\u00edz\u00ed mo\u017enosti optick\u00e9ho zoomu, tedy p\u0159ibli\u017eov\u00e1n\u00ed fotografovan\u00fdch objekt\u016f. Na druhou stranu si ale m\u016f\u017eete u chytr\u00e9ho telefonu u\u017e\u00edt dotykov\u00e9ho displeje, kter\u00fd v\u00e1m umo\u017en\u00ed ost\u0159it p\u0159esn\u011b m\u00edsto, kter\u00e9 chcete. To v\u00e1m kompakt ve v\u011bt\u0161in\u011b p\u0159\u00edpad\u016f neumo\u017en\u00ed.\t\u00a0\tNejv\u00edc objektiv\u016f na trhuZat\u00edm se z\u00a0pohledu objektiv\u016f nejv\u00edce p\u0159ekonala spole\u010dnost Samsung. Jejich Samsung Galaxy A9 m\u00e1 neuv\u011b\u0159iteln\u00fdch p\u011bt objektiv\u016f. Ka\u017ed\u00fd z\u00a0nich je p\u0159itom ur\u010den na n\u011bco jin\u00e9ho a li\u0161\u00ed se tak\u00e9 po\u010dtem megapixel\u016f.\u00a0\t\tHlavn\u00ed fotoapar\u00e1t se py\u0161n\u00ed rozli\u0161en\u00edm 24 megapixel\u016f, poskytuje autofokus a sv\u011btelnost f\/1.7. Jedn\u00e1 se o klasick\u00fd objektiv, kter\u00fd budete zaru\u010den\u011b pou\u017e\u00edvat nej\u010dast\u011bji pro focen\u00ed momentek.\t\tDal\u0161\u00ed objektiv m\u00e1 dvojn\u00e1sobn\u00e9 p\u0159ibl\u00ed\u017een\u00ed, ov\u0161em pouh\u00fdch 10 MPx.\t\t\u010c\u00edslo t\u0159i je tak\u00e9 pouze 10 megapixelov\u00e9. Jeho pou\u017e\u00edv\u00e1n\u00ed je ov\u0161em spojeno s\u00a0focen\u00edm krajin, kde v\u00e1m bude 10 MPx sta\u010dit. Pro\u010d krajiny? Proto\u017ee nab\u00edz\u00ed \u00fahel z\u00e1b\u011bru 120\u00b0. Nenajdete u n\u011bj bohu\u017eel autofokus.\t\tDal\u0161\u00edm je velice specifick\u00fd objektiv, se kter\u00fdm si m\u016f\u017eete pohr\u00e1vat s\u00a0hloubkou ostrosti sn\u00edmk\u016f. M\u00e1 p\u011bt megapixel\u016f a sv\u011btelnost f\/2.2. D\u00edky hloubce ostrosti mohou va\u0161e momentky p\u016fsobit velice profesion\u00e1ln\u011b.\t\tPosledn\u00ed fotoapar\u00e1t je samoz\u0159ejm\u011b na p\u0159edn\u00ed stran\u011b Samsungu. A neslou\u017e\u00ed k\u00a0ni\u010demu jin\u00e9mu ne\u017e fotografov\u00e1n\u00ed autoportr\u00e9t\u016f, tzv. selfie. Stejn\u011b jako hlavn\u00ed objektiv m\u00e1 24 MPx a sv\u011btelnost f\/2.0.\u00a0Co m\u016f\u017eete jako fotograf o\u010dek\u00e1vat, kdy\u017e se pro tento smartphone rozhodnete?\t\tKvalitn\u00ed fotoapar\u00e1ty, kter\u00e9 nab\u00edzej\u00ed r\u016fzn\u00e9 \u00fahly z\u00e1b\u011bru,\t\tmo\u017enost ovliv\u0148ovat hloubku ostrosti,\t\tnaopak ale tak\u00e9 vy\u0161\u0161\u00ed cenu, kter\u00e1 \u010din\u00ed 14\u00a0900 K\u010d.                                                                                                                                                                                                                                                                                                                                                                                        4.4\/5 - (9 votes)        "},{"@context":"https:\/\/schema.org\/","@type":"BreadcrumbList","itemListElement":[{"@type":"ListItem","position":1,"name":"Chytr\u00e9 telefony nahrazuj\u00ed kompakty","item":"https:\/\/www.msch.cz\/chytre-telefony-nahrazuji-kompakty\/#breadcrumbitem"}]}]