{"@context":"https:\/\/schema.org\/","@type":"CollectionPage","@id":"https:\/\/www.msch.cz\/kultura\/#CollectionPage","headline":"Kultura Category","description":"","url":"https:\/\/www.msch.cz\/kultura\/","hasPart":[{"@type":"Article","@id":"https:\/\/www.msch.cz\/co-delat-kdyz-je-nas-oblibeny-umelec-problematicky\/","headline":"Co d\u011blat, kdy\u017e je n\u00e1\u0161 obl\u00edben\u00fd um\u011blec problematick\u00fd","url":"https:\/\/www.msch.cz\/co-delat-kdyz-je-nas-oblibeny-umelec-problematicky\/","datePublished":"2024-04-27","dateModified":"2024-04-27","mainEntityOfPage":"https:\/\/www.msch.cz\/co-delat-kdyz-je-nas-oblibeny-umelec-problematicky\/","author":{"@type":"Person","@id":"https:\/\/www.msch.cz\/author\/#Person","name":"","url":"https:\/\/www.msch.cz\/author\/","identifier":1,"image":{"@type":"ImageObject","@id":"https:\/\/secure.gravatar.com\/avatar\/4860d213c5bedfa07ff2b166ff7b069759f9dbf79eae813578c75f9f8cb939b7?s=96&d=mm&r=g","url":"https:\/\/secure.gravatar.com\/avatar\/4860d213c5bedfa07ff2b166ff7b069759f9dbf79eae813578c75f9f8cb939b7?s=96&d=mm&r=g","height":96,"width":96}},"publisher":{"@type":"Organization","name":"msch.cz","logo":{"@type":"ImageObject","@id":"\/logo.png","url":"\/logo.png","width":600,"height":60}},"image":{"@type":"ImageObject","@id":"https:\/\/www.msch.cz\/wp-content\/uploads\/film5_7.png","url":"https:\/\/www.msch.cz\/wp-content\/uploads\/film5_7.png","height":0,"width":0},"keywords":null},{"@type":"Article","@id":"https:\/\/www.msch.cz\/hudba-pod-kontrolou\/","headline":"Hudba pod kontrolou!","url":"https:\/\/www.msch.cz\/hudba-pod-kontrolou\/","datePublished":"2020-09-24","dateModified":"2023-05-03","mainEntityOfPage":"https:\/\/www.msch.cz\/hudba-pod-kontrolou\/","author":{"@type":"Person","@id":"https:\/\/www.msch.cz\/author\/#Person","name":"","url":"https:\/\/www.msch.cz\/author\/","identifier":1,"image":{"@type":"ImageObject","@id":"https:\/\/secure.gravatar.com\/avatar\/4860d213c5bedfa07ff2b166ff7b069759f9dbf79eae813578c75f9f8cb939b7?s=96&d=mm&r=g","url":"https:\/\/secure.gravatar.com\/avatar\/4860d213c5bedfa07ff2b166ff7b069759f9dbf79eae813578c75f9f8cb939b7?s=96&d=mm&r=g","height":96,"width":96}},"publisher":{"@type":"Organization","name":"msch.cz","logo":{"@type":"ImageObject","@id":"\/logo.png","url":"\/logo.png","width":600,"height":60}},"image":{"@type":"ImageObject","@id":"https:\/\/www.msch.cz\/wp-content\/uploads\/img_a303833_w2034_t1514632610.jpg","url":"https:\/\/www.msch.cz\/wp-content\/uploads\/img_a303833_w2034_t1514632610.jpg","height":0,"width":0},"keywords":null},{"@type":"Article","@id":"https:\/\/www.msch.cz\/vyprodana-o2-arena-rozplakala-billie-eilish\/","headline":"Vyprodan\u00e1 O2 ar\u00e9na rozplakala Billie Eilish","url":"https:\/\/www.msch.cz\/vyprodana-o2-arena-rozplakala-billie-eilish\/","datePublished":"2019-08-27","dateModified":"2023-05-03","mainEntityOfPage":"https:\/\/www.msch.cz\/vyprodana-o2-arena-rozplakala-billie-eilish\/","author":{"@type":"Person","@id":"https:\/\/www.msch.cz\/author\/#Person","name":"","url":"https:\/\/www.msch.cz\/author\/","identifier":1,"image":{"@type":"ImageObject","@id":"https:\/\/secure.gravatar.com\/avatar\/4860d213c5bedfa07ff2b166ff7b069759f9dbf79eae813578c75f9f8cb939b7?s=96&d=mm&r=g","url":"https:\/\/secure.gravatar.com\/avatar\/4860d213c5bedfa07ff2b166ff7b069759f9dbf79eae813578c75f9f8cb939b7?s=96&d=mm&r=g","height":96,"width":96}},"publisher":{"@type":"Organization","name":"msch.cz","logo":{"@type":"ImageObject","@id":"\/logo.png","url":"\/logo.png","width":600,"height":60}},"image":{"@type":"ImageObject","@id":"https:\/\/www.msch.cz\/wp-content\/uploads\/img_a352805_w3341_t1567244609.jpg","url":"https:\/\/www.msch.cz\/wp-content\/uploads\/img_a352805_w3341_t1567244609.jpg","height":0,"width":0},"keywords":null}]}