[{"@context":"https:\/\/schema.org\/","@type":"Article","@id":"https:\/\/www.msch.cz\/montaz-nabytku-radeji-s-profesionaly\/#Article","mainEntityOfPage":"https:\/\/www.msch.cz\/montaz-nabytku-radeji-s-profesionaly\/","headline":"Mont\u00e1\u017e n\u00e1bytku rad\u011bji s profesion\u00e1ly","name":"Mont\u00e1\u017e n\u00e1bytku rad\u011bji s profesion\u00e1ly","description":"Zn\u00e1te p\u0159\u00edslov\u00ed: \u201ekdy\u017e se k\u00e1c\u00ed les, l\u00e9taj\u00ed t\u0159\u00edsky\u201c? Toto po\u0159ekadlo se t\u00fdk\u00e1 lidsk\u00e9 neschopnosti dot\u00e1hnout \u0159e\u0161en\u00ed do zd\u00e1rn\u00e9ho konce tak, aby v\u00fdsledn\u00fdm procesem nikdo neutrp\u011bl \u017e\u00e1dnou \u0161kodu, a je t\u0159eba&hellip;","datePublished":"2025-04-11","dateModified":"2025-04-11","author":{"@type":"Person","@id":"https:\/\/www.msch.cz\/author\/#Person","name":"","url":"https:\/\/www.msch.cz\/author\/","identifier":1,"image":{"@type":"ImageObject","@id":"https:\/\/secure.gravatar.com\/avatar\/4860d213c5bedfa07ff2b166ff7b069759f9dbf79eae813578c75f9f8cb939b7?s=96&d=mm&r=g","url":"https:\/\/secure.gravatar.com\/avatar\/4860d213c5bedfa07ff2b166ff7b069759f9dbf79eae813578c75f9f8cb939b7?s=96&d=mm&r=g","height":96,"width":96}},"publisher":{"@type":"Organization","name":"msch.cz","logo":{"@type":"ImageObject","@id":"\/logo.png","url":"\/logo.png","width":600,"height":60}},"image":{"@type":"ImageObject","@id":"https:\/\/www.msch.cz\/wp-content\/uploads\/living-room-8261882_640.jpg","url":"https:\/\/www.msch.cz\/wp-content\/uploads\/living-room-8261882_640.jpg","height":0,"width":0},"url":"https:\/\/www.msch.cz\/montaz-nabytku-radeji-s-profesionaly\/","about":["Business"],"wordCount":428,"articleBody":"        Zn\u00e1te p\u0159\u00edslov\u00ed: \u201ekdy\u017e se k\u00e1c\u00ed les, l\u00e9taj\u00ed t\u0159\u00edsky\u201c? Toto po\u0159ekadlo se t\u00fdk\u00e1 lidsk\u00e9 neschopnosti dot\u00e1hnout \u0159e\u0161en\u00ed do zd\u00e1rn\u00e9ho konce tak, aby v\u00fdsledn\u00fdm procesem nikdo neutrp\u011bl \u017e\u00e1dnou \u0161kodu, a je t\u0159eba jej vn\u00edmat pouze obrazn\u011b. T\u00fdk\u00e1 se to i mont\u00e1\u017ee n\u00e1bytku, ov\u0161em tam bychom mohli p\u0159\u00edslov\u00ed pou\u017e\u00edt jak obrazn\u011b, tak i doslova. Jestli\u017ee v\u00e1m p\u0159ivezou n\u00e1bytek v kartonov\u00fdch krabic\u00edch jako skl\u00e1da\u010dku a vy nem\u00e1te se sestavov\u00e1n\u00edm n\u00e1bytku \u017e\u00e1dn\u00e9 zku\u0161enosti, nem\u00e1te pot\u0159ebn\u00e9 n\u00e1\u0159ad\u00ed a t\u0159eba ani dostatek fyzick\u00e9 s\u00edly, m\u016f\u017eete obr\u00e1tit pozornost na st\u011bhovac\u00ed firmu. St\u011bhov\u00e1ci toti\u017e vy\u010dle\u0148uj\u00ed specializovan\u00fd t\u00fdm odborn\u00edk\u016f, kter\u00fd se mont\u00e1\u017eemi n\u00e1bytku v Praze https:\/\/www.odnesto.cz\/montaze-a-demontaze\/ zab\u00fdv\u00e1 na profesion\u00e1ln\u00ed b\u00e1zi. M\u016f\u017ee v\u00e1m b\u00fdt n\u00e1pomocn\u00fd p\u0159i mnoha p\u0159\u00edle\u017eitostech:Nov\u00fd n\u00e1bytek \u2013 st\u011bhovac\u00ed firmy sestavuj\u00ed n\u00e1bytek nov\u011b zakoupen\u00fd, co v\u00e1m dovezou v kartonov\u00fdch krabic\u00edch. Tuto slu\u017ebu ocen\u00edte nap\u0159\u00edklad ve chv\u00edli, kdy si objedn\u00e1v\u00e1te komplet nov\u00fd ob\u00fdv\u00e1k, lo\u017enici \u010di d\u011btsk\u00fd pokoj, a je toho n\u00e1bytku opravdu hodn\u011b. U\u0161et\u0159\u00edte t\u00edm \u010das a ten pak m\u016f\u017eete v\u011bnovat va\u0161\u00ed v\u00fdd\u011ble\u010dn\u00e9 \u010dinnosti, anebo pr\u00e1ci na zahrad\u011b, v\u00fdchov\u011b d\u011bt\u00ed \u010di jin\u00fdm u\u017eite\u010dn\u00fdm \u010dinnostem.St\u011bhov\u00e1n\u00ed \u2013 rozeb\u00edrateln\u00fd n\u00e1bytek je rozumn\u011bj\u0161\u00ed p\u0159ed st\u011bhov\u00e1n\u00edm rozmontovat. Neriskujete pak jeho po\u0161kozen\u00ed p\u0159i p\u0159en\u00e1\u0161en\u00ed, kdy se nap\u0159\u00edklad rozviklaj\u00ed spoje a nep\u016fjdou u\u017e znovu dot\u00e1hnout. Obt\u00ed\u017en\u00e9 m\u016f\u017ee b\u00fdt zejm\u00e9na op\u011btovn\u00e9 sestaven\u00ed n\u00e1bytku po jeho demont\u00e1\u017ei, zvl\u00e1\u0161t\u011b pokud nem\u00e1te k dispozici n\u00e1vod. St\u011bhovac\u00ed firma by si ale s mont\u00e1\u017e\u00ed n\u00e1bytku v Praze m\u011bla poradit i bez n\u00e1vodu.Kuchyn\u011b a vestavba na m\u00edru \u2013 k nejobt\u00ed\u017en\u011bj\u0161\u00edm n\u00e1bytkov\u00fdm sestav\u00e1m, co se t\u00fd\u010de jejich sestavov\u00e1n\u00ed, pat\u0159\u00ed kuchyn\u011b a vestav\u011bn\u00e9 sk\u0159\u00edn\u011b na m\u00edru. N\u011bkter\u00e9 jsou natolik velk\u00e9 a \u010dlenit\u00e9, \u017ee si s t\u00edm amat\u00e9r neporad\u00ed a mohl by tu nad\u011blat v\u00edce \u0161kody, ne\u017e u\u017eitku. Pot\u0159ebujete-li p\u0159est\u011bhovat kompletn\u00ed kuchyni nebo vestavbu z p\u0159eds\u00edn\u011b, zavolejte na to rad\u011bji odborn\u00edky.                                                                                                                                                                                                                                                                                                                                                                                          4.1\/5 - (8 votes)        "},{"@context":"https:\/\/schema.org\/","@type":"BreadcrumbList","itemListElement":[{"@type":"ListItem","position":1,"name":"Mont\u00e1\u017e n\u00e1bytku rad\u011bji s profesion\u00e1ly","item":"https:\/\/www.msch.cz\/montaz-nabytku-radeji-s-profesionaly\/#breadcrumbitem"}]}]