[{"@context":"https:\/\/schema.org\/","@type":"Article","@id":"https:\/\/www.msch.cz\/neverili-mi-nemoci-ktere-nejsou-videt-pres-to-zabiji\/#Article","mainEntityOfPage":"https:\/\/www.msch.cz\/neverili-mi-nemoci-ktere-nejsou-videt-pres-to-zabiji\/","headline":"Nev\u011b\u0159ili mi,\u201c nemoci, kter\u00e9 nejsou vid\u011bt, p\u0159es to zab\u00edj\u00ed","name":"Nev\u011b\u0159ili mi,\u201c nemoci, kter\u00e9 nejsou vid\u011bt, p\u0159es to zab\u00edj\u00ed","description":"S\u00a0nar\u016fstaj\u00edc\u00edm \u017eivotn\u00edm tempem se zvy\u0161uje i m\u00edra stresu. Jednoduch\u00e1 rovnice, kter\u00e1 s\u00a0sebou p\u0159in\u00e1\u0161\u00ed nespo\u010det zdravotn\u00edch komplikac\u00ed. Ne v\u0161echny m\u016f\u017eeme rozpoznat pouh\u00fdm okem, o to v\u00edc jsou nebezpe\u010dn\u00e9.\u00a0 \u201eM\u016fj stav se&hellip;","datePublished":"2019-10-09","dateModified":"2023-05-03","author":{"@type":"Person","@id":"https:\/\/www.msch.cz\/author\/#Person","name":"","url":"https:\/\/www.msch.cz\/author\/","identifier":1,"image":{"@type":"ImageObject","@id":"https:\/\/secure.gravatar.com\/avatar\/4860d213c5bedfa07ff2b166ff7b069759f9dbf79eae813578c75f9f8cb939b7?s=96&d=mm&r=g","url":"https:\/\/secure.gravatar.com\/avatar\/4860d213c5bedfa07ff2b166ff7b069759f9dbf79eae813578c75f9f8cb939b7?s=96&d=mm&r=g","height":96,"width":96}},"publisher":{"@type":"Organization","name":"msch.cz","logo":{"@type":"ImageObject","@id":"\/logo.png","url":"\/logo.png","width":600,"height":60}},"image":{"@type":"ImageObject","@id":"https:\/\/www.msch.cz\/wp-content\/uploads\/img_a357891_w3341_t1572261792.jpg","url":"https:\/\/www.msch.cz\/wp-content\/uploads\/img_a357891_w3341_t1572261792.jpg","height":0,"width":0},"url":"https:\/\/www.msch.cz\/neverili-mi-nemoci-ktere-nejsou-videt-pres-to-zabiji\/","about":["\u017divotn\u00ed styl"],"wordCount":504,"articleBody":"S\u00a0nar\u016fstaj\u00edc\u00edm \u017eivotn\u00edm tempem se zvy\u0161uje i m\u00edra stresu. Jednoduch\u00e1 rovnice, kter\u00e1 s\u00a0sebou p\u0159in\u00e1\u0161\u00ed nespo\u010det zdravotn\u00edch komplikac\u00ed. Ne v\u0161echny m\u016f\u017eeme rozpoznat pouh\u00fdm okem, o to v\u00edc jsou nebezpe\u010dn\u00e9.\u00a0\t\u201eM\u016fj stav se den ode dne zhor\u0161oval, nikdo nev\u011bd\u011bl, co se mnou je. B\u011bhala jsem z\u00a0jedn\u00e9 ambulance do druh\u00e9, v\u00fdsledky vy\u0161et\u0159en\u00ed v\u0161ak zn\u011bly poka\u017ed\u00e9 stejn\u011b &#8211; jste v\u00a0po\u0159\u00e1dku,\u201c popisuje za\u010d\u00e1tky sv\u00e9 nemoci dvacetilet\u00e1 Eva.\t\tPanick\u00e1 porucha &#8211; ve smy\u010dce vlastn\u00edch my\u0161lenek\tPanick\u00e9 porucha pat\u0159\u00ed mezi pom\u011brn\u011b \u010dast\u00e9 onemocn\u011bn\u00ed, jeho p\u0159\u00ed\u010dina ale nen\u00ed zcela zn\u00e1m\u00e1. Specialist\u00e9 v\u00a0oboru psychiatrie uv\u00e1d\u00ed, \u017ee jde o souhru n\u011bkolika faktor\u016f najednou. Nej\u010dast\u011bji se v\u0161ak jedn\u00e1 o schopnost reagovat na stresov\u00e9 situace a genetickou predispozici.\tTo znamen\u00e1, \u017ee pokud bylo n\u011bkomu z\u00a0va\u0161\u00ed rodiny diagnostikov\u00e1no psychick\u00e9 onemocn\u011bn\u00ed, zvy\u0161uje se riziko, \u017ee propukne i u v\u00e1s. D\u00e1le figuruje ji\u017e zm\u00edn\u011bn\u00fd stres, kter\u00fd v\u00a0dan\u00e9 situaci funguje jako spou\u0161t\u011b\u010d.\tL\u00e9ka\u0159sk\u00e9 studie uv\u00e1d\u00ed, \u017ee panick\u00e1 porucha postihuje 2x v\u00edce \u017eeny a to nej\u010dast\u011bji mezi 15-25 rokem \u017eivota.\t\u201ePrvn\u00ed probl\u00e9my se u m\u011b za\u010daly projevovat, kdy\u017e mi bylo 16 let. Pr\u00e1v\u011b jsem nastoupila na st\u0159edn\u00ed \u0161kolu a na\u0161la si p\u0159\u00edtele. Bylo to hezk\u00e9 obdob\u00ed, rodi\u010de na m\u011b byli py\u0161n\u00ed a j\u00e1 c\u00edtila, \u017ee se m\u016fj \u017eivot ub\u00edr\u00e1 spr\u00e1vn\u00fdm sm\u011brem. \u0160kola mi ale postupem \u010dasu ne\u0161la tak, jak bych si p\u0159edstavovala a m\u016fj dvoulet\u00fd vztah se za\u010dal rozpadat,\u201c pokra\u010duje ve sv\u00e9m vypr\u00e1v\u011bn\u00ed Eva.\t\tMezi nej\u010dast\u011bj\u0161\u00ed p\u0159\u00edznaky pat\u0159\u00ed:\t\u00b7\u00a0\u00a0\u00a0\u00a0\u00a0\u00a0\u00a0 pocit masivn\u00ed \u00fazkosti,\t\u00b7\u00a0\u00a0\u00a0\u00a0\u00a0\u00a0\u00a0 strach ze ztr\u00e1ty kontroly,\t\u00b7\u00a0\u00a0\u00a0\u00a0\u00a0\u00a0\u00a0 strach ze smrti,\t\u00b7\u00a0\u00a0\u00a0\u00a0\u00a0\u00a0\u00a0 bolest (tlak) na hrudi,\t\u00b7\u00a0\u00a0\u00a0\u00a0\u00a0\u00a0\u00a0 nevolnost (zvracen\u00ed),\t\u00b7\u00a0\u00a0\u00a0\u00a0\u00a0\u00a0\u00a0 pocit slabosti,\t\u00b7\u00a0\u00a0\u00a0\u00a0\u00a0\u00a0\u00a0 t\u0159es,\t\u00b7\u00a0\u00a0\u00a0\u00a0\u00a0\u00a0\u00a0 pocen\u00ed,\t\u00b7\u00a0\u00a0\u00a0\u00a0\u00a0\u00a0\u00a0 \u2026\tFyzick\u00e9 projevy vedou k\u00a0myln\u00e9mu dojmu, \u017ee se jde o \u017eivot ohro\u017euj\u00edc\u00ed stav. To jen zvy\u0161uje \u00fazkost a frustraci nemocn\u00e9ho.\t\u201ePamatuji si, \u017ee jsem se ji\u017e del\u0161\u00ed dobu c\u00edtila nesv\u00e1. Ka\u017ed\u00fd den mi bylo zle od \u017ealudku, byla jsem unaven\u00e1 a v\u011b\u010dn\u011b bez energie. Zrovna jsem sed\u011bla ve \u0161kole, kdy\u017e m\u011b z\u00a0ni\u010deho nic za\u010dalo bodat u srdce, m\u011bla jsem m\u017eitky p\u0159ed o\u010dima a c\u00edtila mraven\u010den\u00ed v\u00a0rukou, myslela jsem si, \u017ee m\u00e1m infarkt. Hrozn\u011b m\u011b to vyd\u011bsilo. Tyto se stavy se \u010dasto opakovaly, ale vy\u0161et\u0159en\u00ed v\u00a0nemocnici nikdy neuk\u00e1zalo sebemen\u0161\u00ed odchylku, v\u0161e bylo v\u00a0po\u0159\u00e1dku. Trvalo n\u011bkolik m\u011bs\u00edc\u016f, ne\u017e mi jedna mlad\u00e1 doktorka napsala \u017e\u00e1danku k\u00a0psychologovi. V\u00a0sou\u010dasn\u00e9 dob\u011b je m\u016fj stav stabilizovan\u00fd a j\u00e1 v\u00a0duchu d\u011bkuji l\u00e9ka\u0159ce, kter\u00e1 byla z\u00e1rove\u0148 jedinou osobou, kter\u00e1 mi v\u011b\u0159ila a sna\u017eila se naj\u00edt p\u0159\u00ed\u010dinu m\u00fdch obt\u00ed\u017e\u00ed, \u201c uzav\u00edr\u00e1 Eva.                                                                                                                                                                                                                                                                                                                                                                                        4.4\/5 - (8 votes)        "},{"@context":"https:\/\/schema.org\/","@type":"BreadcrumbList","itemListElement":[{"@type":"ListItem","position":1,"name":"Nev\u011b\u0159ili mi,\u201c nemoci, kter\u00e9 nejsou vid\u011bt, p\u0159es to zab\u00edj\u00ed","item":"https:\/\/www.msch.cz\/neverili-mi-nemoci-ktere-nejsou-videt-pres-to-zabiji\/#breadcrumbitem"}]}]