[{"@context":"https:\/\/schema.org\/","@type":"Article","@id":"https:\/\/www.msch.cz\/panika-zvana-coronavirus\/#Article","mainEntityOfPage":"https:\/\/www.msch.cz\/panika-zvana-coronavirus\/","headline":"Panika zvan\u00e1 Coronavirus","name":"Panika zvan\u00e1 Coronavirus","description":"Nejsem zast\u00e1ncem tyhle p\u0159ehnan\u00e9 paniky, co rozpout\u00e1vaj\u00ed m\u00e9dia, ale z\u00e1rove\u0148 to neberu na lehkou v\u00e1hu a m\u00e1m p\u0159ed t\u00edm respekt. Je to ur\u010dit\u011b nep\u0159\u00edjemn\u00e9 a smutn\u00e9 \u010delit n\u011b\u010demu tak\u00e9mu, ale&hellip;","datePublished":"2020-03-25","dateModified":"2020-03-25","author":{"@type":"Person","@id":"https:\/\/www.msch.cz\/author\/#Person","name":"","url":"https:\/\/www.msch.cz\/author\/","identifier":1,"image":{"@type":"ImageObject","@id":"https:\/\/secure.gravatar.com\/avatar\/4860d213c5bedfa07ff2b166ff7b069759f9dbf79eae813578c75f9f8cb939b7?s=96&d=mm&r=g","url":"https:\/\/secure.gravatar.com\/avatar\/4860d213c5bedfa07ff2b166ff7b069759f9dbf79eae813578c75f9f8cb939b7?s=96&d=mm&r=g","height":96,"width":96}},"publisher":{"@type":"Organization","name":"msch.cz","logo":{"@type":"ImageObject","@id":"\/logo.png","url":"\/logo.png","width":600,"height":60}},"image":{"@type":"ImageObject","@id":"https:\/\/www.msch.cz\/wp-content\/uploads\/img_a372543_w3429_t1583996059.jpg","url":"https:\/\/www.msch.cz\/wp-content\/uploads\/img_a372543_w3429_t1583996059.jpg","height":0,"width":0},"url":"https:\/\/www.msch.cz\/panika-zvana-coronavirus\/","about":["\u017divotn\u00ed styl"],"wordCount":775,"articleBody":"Nejsem zast\u00e1ncem tyhle p\u0159ehnan\u00e9 paniky, co rozpout\u00e1vaj\u00ed m\u00e9dia, ale z\u00e1rove\u0148 to neberu na lehkou v\u00e1hu a m\u00e1m p\u0159ed t\u00edm respekt. Je to ur\u010dit\u011b nep\u0159\u00edjemn\u00e9 a smutn\u00e9 \u010delit n\u011b\u010demu tak\u00e9mu, ale jen tak se zam\u00fd\u0161l\u00edm nad t\u00edm, \u017ee \u010di si to op\u011bt nevytv\u00e1\u0159\u00edme jen my sami. Pro\u010d t\u00e1to \u00favaha?Proto\u017ee my lid\u00e9 \u010dasto poru\u0161ujeme rovnov\u00e1hu na zemi. Kdy\u017e neberu do \u00favahy matku p\u0159\u00edrodu, kter\u00e1 se sem tam ozve a jako by n\u00e1m d\u00e1vala varovn\u00fd prst na zam\u00fd\u0161len\u00ed se nad sebou, tak potom jsou tu virusy, vojny, ute\u010denci, proste st\u00e1le n\u011bco.V\u00a0minulosti to bola nap\u0159\u00edklad aj \u010cern\u00e1 smr\u0165 \u2013 MOR, kter\u00e1 v14 stalet\u00ed vyhubila t\u00e9m\u011b\u0159 1\/5 obyvatelstva. T\u00e1to n\u00e1kaza se sice \u0161\u00ed\u0159ila formou bakt\u00e9rie Y. pastis a pron\u00e1\u0161ela se z\u00a0blech \u017eij\u00edc\u00edch na zv\u00ed\u0159atech. No z\u00a0historick\u00fdch z\u00e1znamu je pr\u00e1v\u011b evidovan\u00e9, \u017ee i v\u00a0r\u00e1mci t\u00e9to nep\u0159\u00edjemn\u00fd situaci, to m\u011blo zaj\u00edmav\u00fd vliv na zm\u011bny, kter\u00e9 se udali v\u00a0politick\u00fdch, n\u00e1bo\u017eensk\u00fdch \u010di soci\u00e1ln\u00edch oblastech. Feud\u00e1ln\u00ed syst\u00e9m se sesypal. Zavedli se zdravotnick\u00e9 kontroly a lidi se za\u010dali jinak d\u00edvat na c\u00edrkev, kter\u00e1 jich nedok\u00e1zala zachr\u00e1nit.\u00a0 Samoz\u0159ejm\u011b hygiena v\u00a0tomhle obdob\u00ed hr\u00e1la velikou roli, a to byl dal\u0161\u00ed d\u016fvod, kter\u00fd mohl a pravd\u011bpodobn\u011b aj znamenal vznik \u010cern\u00fd smrti. \u017divotn\u00ed styl v\u00a0t\u00e9 dob\u011b byl velmi nevyv\u00e1\u017een\u00fd a preferovala se v\u00edce \u010distota du\u0161e jako \u010distota t\u011bla. Lid\u00e9 nosili st\u00e1le to jist\u00e9 oble\u010den\u00ed a spla\u0161ky, odpad a fek\u00e1lie si vyl\u00edvali p\u0159\u00edmo z okna na ulici. \u017d\u00e1dn\u00fd div, \u017ee se choroby za\u010dali s\u00ed\u0159it ukrutnou rychlosti. Bylo to tak\u00e9 ur\u010d\u00edte zp\u016fsoben\u00e9 mentalitou dan\u00fd doby, kter\u00e1 v\u011b\u0159ila, jako sem u\u017e psala, \u017ee \u010distota du\u0161e je d\u016fle\u017eit\u011bj\u0161\u00ed, a tak aj situaci zvanou MOR vkl\u00e1dali do Bo\u017e\u00edch rukou. Mor se vracel je\u0161t\u011b n\u011bkolik let a aj v\u00a0dne\u0161n\u00ed dob\u011b se vyskytuje p\u0159ev\u00e1\u017en\u011b v\u00a0rovn\u00edkov\u00e9 Africe. \u010c\u00ed\u017ee by se dalo \u0159\u00edct, \u017ee Mor je tak\u00e9 z\u00e1le\u017eitost \u017eivotn\u00edho stylu a hygieny.Cht\u011bla jsem uv\u00e9st p\u0159\u00edklad k\u00a0tomu, \u017ee situace v\u00a0temn\u00e9m st\u0159edov\u011bku byla obzvl\u00e1\u0161\u0165 dramatick\u00e1, ale nevznikla jen tak p\u0159e nic za nic. Kdyby nenastala mo\u017eno by lid\u00e9 neza\u010dali db\u00e1t na svoji hygienu a na \u010distotu sv\u00e9ho okol\u00ed. Ur\u010dit\u011b by tak\u00e9 neza\u010dalo db\u00e1t na zdravotn\u00ed kontrolu a tak d\u00e1le.CoronavirusTe\u010f kdy\u017e v\u00edme, \u017ee zdrojem coronaviru jsou zv\u00ed\u0159ata a p\u0159enos COVID-19\u00a0 \u00a0je mo\u017en\u00fd z\u00a0\u010dlov\u011bka na \u010dlov\u011bka, by mohlo znamenat, \u017ee bychom z\u00a0toho m\u011bli vych\u00e1zet a p\u0159est\u00e1t robit jist\u00fd v\u011bci.Tahle doba od doby v\u00a0temn\u00e9m st\u0159edov\u011bku ponouk\u00e1 mnoho v\u00edce a tak\u00e9 se stala mnoho v\u00edce konzumn\u00ed a nenasytn\u00ed dobou. Zpohodln\u011bli jme tak velmi a p\u0159ekra\u010dujeme hranice vlastn\u00ed bezpe\u010dnosti pr\u00e1v\u011b pro svou nenasytnost. Sna\u017e\u00edme se prodat v\u0161echno co se d\u00e1 a n\u011bkdy si prost\u011b neuv\u011bdomujeme, \u017ee zasahujeme do p\u0159\u00edrody. Kdybychom nebyli tak nenasytn\u00ed, nemuseli by se zab\u00edjet div\u00e1 zv\u00ed\u0159ata a pak prod\u00e1vat na m\u00edstn\u00edch trz\u00edch, odkud se podle informaci n\u00e1kaza pravd\u011bpodobn\u011b roz\u0161\u00ed\u0159ila. Na trz\u00edch se div\u00e1 zv\u00ed\u0159ata usmrcuji p\u0159\u00edmo na m\u00edst\u011b a pak se prod\u00e1vaj\u00ed. J\u00e1 rozum\u00edm, \u017ee mentalita v dan\u00fd oblasti m\u016f\u017ee b\u00fdt jin\u00e1, jenom\u017ee aj my, pokud jdeme do exotick\u00e9 krajiny tak neodol\u00e1me m\u00edstn\u00edm tr\u017e\u00edm ani v\u00a0jedle. A p\u0159itom kdyby se nach\u00e1z\u00edme u n\u00e1s v\u00a0restauraci, kter\u00e1 by byla v\u00a0podm\u00ednk\u00e1ch jak na trz\u00edch, prv\u00ed, co bychom ud\u011blali, je \u017ee zavol\u00e1me hygienu. Jsem toho n\u00e1zoru, \u017ee jsme v\u00a0tyhle v\u011bc\u00edch hodn\u011b neopatrn\u00ed, anebo sp\u00ed\u0161e ned\u016fsledn\u00fd. Mysl\u00edm si v\u0161ak, \u017ee dan\u00e1 situaci ve sv\u011bte n\u00e1m chce n\u011bco nazna\u010dit abychom zm\u011bnili.Samoz\u0159ejm\u011b jako moment\u00e1ln\u00ed opat\u0159eni jsou uveden\u00e9 respir\u00e1tory a tak\u00e9 upozorn\u011bn\u00ed nekonzumovat maso na trz\u00edch a v\u00a0podstat\u011b se vyh\u00fdbat t\u00edmhle oblastem. Jenom\u017ee j\u00e1 bych uvedla je\u0161t\u011b opat\u0159en\u00ed v\u00a0podob\u011b nepodl\u00e9hat panice a sna\u017eit se maxim\u00e1ln\u011b starat o sv\u016fj \u017eivotn\u00ed styl a imunitu.                                                                                                                                                                                                                                                                                                                                                                                        4\/5 - (4 votes)        "},{"@context":"https:\/\/schema.org\/","@type":"BreadcrumbList","itemListElement":[{"@type":"ListItem","position":1,"name":"Panika zvan\u00e1 Coronavirus","item":"https:\/\/www.msch.cz\/panika-zvana-coronavirus\/#breadcrumbitem"}]}]